{"id":968,"date":"2021-02-05T09:03:42","date_gmt":"2021-02-05T09:03:42","guid":{"rendered":"https:\/\/www.fronteira.eu\/fronteira2020\/?p=968"},"modified":"2021-02-05T09:09:24","modified_gmt":"2021-02-05T09:09:24","slug":"el-proyecto-fronteira-toma-un-nuevo-impulso-creando-grupos-de-trabajo-hispano-lusos","status":"publish","type":"post","link":"https:\/\/www.fronteira.eu\/fronteira2020\/el-proyecto-fronteira-toma-un-nuevo-impulso-creando-grupos-de-trabajo-hispano-lusos\/","title":{"rendered":"El Proyecto Fronteira toma un nuevo impulso creando Grupos de Trabajo hispano-lusos"},"content":{"rendered":"\n<p>El proyecto de cooperaci\u00f3n entre Espa\u00f1a-Portugal, \u201cFronteira2020: Territorios Inclusivos en la Frontera Espa\u00f1a Portugal\u201d, coordinado por Asprodes, y en el que participan socios como la Gerencia de Servicios Sociales de Castilla y Le\u00f3n, C\u00e1mara de Guarda (Portugal), Fundaci\u00f3n Intras, Instituto Polit\u00e9cnico de Guarda (Portugal), Aspaym Castilla y Le\u00f3n, ADM Estrela (Portugal) y CERCIG (Portugal), ha creado 6 grupos de trabajo con los que abordar el reto de hacer de La Raya un territorio m\u00e1s inclusivo.<\/p>\n\n\n\n<p>Los grupos de trabajo, que desarrollar\u00e1n su actividad a lo largo de 2021, se organizan en torno a cuestiones de gran importancia estrat\u00e9gica, como: el <strong>Desarrollo de una Cartera de Servicios Sociales<\/strong>, en territorios rurales y fronterizos que presentan grandes carencias en el desarrollo de servicios; la b\u00fasqueda y aplicaci\u00f3n de nuevas <strong>Soluciones Tecnol\u00f3gicas y Productos de Apoyo<\/strong>, en hogares rurales caracterizados por su escasa accesibilidad; la identificaci\u00f3n de <strong>nuevos yacimientos de empleo y modelos de negocio<\/strong> en territorios que cuentan con escasas oportunidades de empleo; la identificaci\u00f3n de <strong>indicadores <\/strong>que proporcionen informaci\u00f3n sobre<strong> el impacto de nuestro trabajo en el desarrollo de dichos territorios<\/strong>; la elaboraci\u00f3n de una <strong>plataforma de gesti\u00f3n de conocimiento<\/strong> que nos permita transferir todo lo que hemos desarrollado y aprendido de manera conjunta, y; la <strong>Comunicaci\u00f3n <\/strong>con la que mostrar de una manera visual y gr\u00e1fica los resultados obtenidos en el trabajo cooperativo. \u00a0<\/p>\n\n\n\n<div class=\"wp-container-1 wp-block-group\"><div class=\"wp-block-group__inner-container\">\n<figure class=\"wp-block-image size-large\"><img loading=\"lazy\" width=\"1024\" height=\"576\" src=\"https:\/\/www.fronteira.eu\/fronteira2020\/wp-content\/uploads\/2021\/02\/febinars-fronteira-1024x576.jpg\" alt=\"\" class=\"wp-image-978\" srcset=\"https:\/\/www.fronteira.eu\/fronteira2020\/wp-content\/uploads\/2021\/02\/febinars-fronteira-1024x576.jpg 1024w, https:\/\/www.fronteira.eu\/fronteira2020\/wp-content\/uploads\/2021\/02\/febinars-fronteira-300x169.jpg 300w, https:\/\/www.fronteira.eu\/fronteira2020\/wp-content\/uploads\/2021\/02\/febinars-fronteira-768x432.jpg 768w, https:\/\/www.fronteira.eu\/fronteira2020\/wp-content\/uploads\/2021\/02\/febinars-fronteira-1536x864.jpg 1536w, https:\/\/www.fronteira.eu\/fronteira2020\/wp-content\/uploads\/2021\/02\/febinars-fronteira.jpg 1920w\" sizes=\"(max-width: 1024px) 100vw, 1024px\" \/><\/figure>\n<\/div><\/div>\n","protected":false},"excerpt":{"rendered":"<p>El proyecto de cooperaci\u00f3n entre Espa\u00f1a-Portugal, \u201cFronteira2020: Territorios Inclusivos en la Frontera Espa\u00f1a Portugal\u201d, coordinado por Asprodes, y en el que participan socios como la Gerencia de Servicios Sociales de Castilla y Le\u00f3n, C\u00e1mara de Guarda (Portugal), Fundaci\u00f3n Intras, Instituto<\/p>\n","protected":false},"author":2,"featured_media":969,"comment_status":"closed","ping_status":"closed","sticky":false,"template":"","format":"standard","meta":[],"categories":[7],"tags":[],"_links":{"self":[{"href":"https:\/\/www.fronteira.eu\/fronteira2020\/wp-json\/wp\/v2\/posts\/968"}],"collection":[{"href":"https:\/\/www.fronteira.eu\/fronteira2020\/wp-json\/wp\/v2\/posts"}],"about":[{"href":"https:\/\/www.fronteira.eu\/fronteira2020\/wp-json\/wp\/v2\/types\/post"}],"author":[{"embeddable":true,"href":"https:\/\/www.fronteira.eu\/fronteira2020\/wp-json\/wp\/v2\/users\/2"}],"replies":[{"embeddable":true,"href":"https:\/\/www.fronteira.eu\/fronteira2020\/wp-json\/wp\/v2\/comments?post=968"}],"version-history":[{"count":6,"href":"https:\/\/www.fronteira.eu\/fronteira2020\/wp-json\/wp\/v2\/posts\/968\/revisions"}],"predecessor-version":[{"id":979,"href":"https:\/\/www.fronteira.eu\/fronteira2020\/wp-json\/wp\/v2\/posts\/968\/revisions\/979"}],"wp:featuredmedia":[{"embeddable":true,"href":"https:\/\/www.fronteira.eu\/fronteira2020\/wp-json\/wp\/v2\/media\/969"}],"wp:attachment":[{"href":"https:\/\/www.fronteira.eu\/fronteira2020\/wp-json\/wp\/v2\/media?parent=968"}],"wp:term":[{"taxonomy":"category","embeddable":true,"href":"https:\/\/www.fronteira.eu\/fronteira2020\/wp-json\/wp\/v2\/categories?post=968"},{"taxonomy":"post_tag","embeddable":true,"href":"https:\/\/www.fronteira.eu\/fronteira2020\/wp-json\/wp\/v2\/tags?post=968"}],"curies":[{"name":"wp","href":"https:\/\/api.w.org\/{rel}","templated":true}]}}