{"id":1442,"date":"2023-06-29T13:18:00","date_gmt":"2023-06-29T13:18:00","guid":{"rendered":"https:\/\/www.fronteira.eu\/fronteira2020\/?p=1442"},"modified":"2023-06-30T13:43:03","modified_gmt":"2023-06-30T13:43:03","slug":"la-economia-de-cuidados-en-la-jornada-del-proyecto-fronteira-ii%ef%bf%bc","status":"publish","type":"post","link":"https:\/\/www.fronteira.eu\/fronteira2020\/la-economia-de-cuidados-en-la-jornada-del-proyecto-fronteira-ii%ef%bf%bc\/","title":{"rendered":"La econom\u00eda de cuidados en la jornada del Proyecto Fronteira II"},"content":{"rendered":"\n<p>El d\u00eda 28 de junio se ha celebrado&nbsp; un encuentro transfronterizo en el que se ha abordado la necesidad de una Europa m\u00e1s social e inclusiva a trav\u00e9s de la generaci\u00f3n de empleo de proximidad en el sector de los cuidados.&nbsp;<\/p>\n\n\n\n<p>En la Biblioteca Municipal del municipio portugu\u00e9s de Guarda, los socios portugueses y espa\u00f1oles debatieron sobre el modelo de vida independiente en ambos pa\u00edses y la necesidad de promover la autonom\u00eda de las personas con discapacidad.&nbsp;<\/p>\n\n\n\n<p>Estas ponencias sirvieron para poner de manifiesto las deficiencias, compartir experiencias y detectar nuevas oportunidades que se pueden desarrollar a trav\u00e9s del trabajo colaborativo entre las entidades implicadas y las administraciones.&nbsp;<\/p>\n","protected":false},"excerpt":{"rendered":"<p>El d\u00eda 28 de junio se ha celebrado&nbsp; un encuentro transfronterizo en el que se ha abordado la necesidad de una Europa m\u00e1s social e inclusiva a trav\u00e9s de la generaci\u00f3n de empleo de proximidad en el sector de los<\/p>\n","protected":false},"author":2,"featured_media":0,"comment_status":"closed","ping_status":"closed","sticky":false,"template":"","format":"standard","meta":[],"categories":[7],"tags":[],"_links":{"self":[{"href":"https:\/\/www.fronteira.eu\/fronteira2020\/wp-json\/wp\/v2\/posts\/1442"}],"collection":[{"href":"https:\/\/www.fronteira.eu\/fronteira2020\/wp-json\/wp\/v2\/posts"}],"about":[{"href":"https:\/\/www.fronteira.eu\/fronteira2020\/wp-json\/wp\/v2\/types\/post"}],"author":[{"embeddable":true,"href":"https:\/\/www.fronteira.eu\/fronteira2020\/wp-json\/wp\/v2\/users\/2"}],"replies":[{"embeddable":true,"href":"https:\/\/www.fronteira.eu\/fronteira2020\/wp-json\/wp\/v2\/comments?post=1442"}],"version-history":[{"count":2,"href":"https:\/\/www.fronteira.eu\/fronteira2020\/wp-json\/wp\/v2\/posts\/1442\/revisions"}],"predecessor-version":[{"id":1451,"href":"https:\/\/www.fronteira.eu\/fronteira2020\/wp-json\/wp\/v2\/posts\/1442\/revisions\/1451"}],"wp:attachment":[{"href":"https:\/\/www.fronteira.eu\/fronteira2020\/wp-json\/wp\/v2\/media?parent=1442"}],"wp:term":[{"taxonomy":"category","embeddable":true,"href":"https:\/\/www.fronteira.eu\/fronteira2020\/wp-json\/wp\/v2\/categories?post=1442"},{"taxonomy":"post_tag","embeddable":true,"href":"https:\/\/www.fronteira.eu\/fronteira2020\/wp-json\/wp\/v2\/tags?post=1442"}],"curies":[{"name":"wp","href":"https:\/\/api.w.org\/{rel}","templated":true}]}}