{"id":1389,"date":"2023-05-03T09:19:57","date_gmt":"2023-05-03T09:19:57","guid":{"rendered":"https:\/\/www.fronteira.eu\/fronteira2020\/?p=1389"},"modified":"2023-05-03T09:20:06","modified_gmt":"2023-05-03T09:20:06","slug":"jornadas-fronteira-turismo-accesible-e-inclusivo-en-guarda-portugal","status":"publish","type":"post","link":"https:\/\/www.fronteira.eu\/fronteira2020\/jornadas-fronteira-turismo-accesible-e-inclusivo-en-guarda-portugal\/","title":{"rendered":"Jornadas Fronteira &#8211; Turismo Accesible e Inclusivo, en Guarda, Portugal"},"content":{"rendered":"\n<p>Con el objetivo de hablar sobre turismo accesible y comprender mejor las necesidades y dificultades que conlleva, se han celebrado las Jornadas Fronteira &#8211; Turismo Accesible e Inclusivo, en la localidad portuguesa de Guarda.&nbsp;<\/p>\n\n\n\n<figure class=\"wp-block-image size-large\"><img loading=\"lazy\" width=\"1024\" height=\"683\" src=\"https:\/\/www.fronteira.eu\/fronteira2020\/wp-content\/uploads\/2023\/05\/DSC_0622-1024x683.jpg\" alt=\"Ponentes en la Jornadas Fronteira - Turismo Accesible e Inclusivo\" class=\"wp-image-1391\" srcset=\"https:\/\/www.fronteira.eu\/fronteira2020\/wp-content\/uploads\/2023\/05\/DSC_0622-1024x683.jpg 1024w, https:\/\/www.fronteira.eu\/fronteira2020\/wp-content\/uploads\/2023\/05\/DSC_0622-300x200.jpg 300w, https:\/\/www.fronteira.eu\/fronteira2020\/wp-content\/uploads\/2023\/05\/DSC_0622-768x512.jpg 768w, https:\/\/www.fronteira.eu\/fronteira2020\/wp-content\/uploads\/2023\/05\/DSC_0622-1536x1024.jpg 1536w, https:\/\/www.fronteira.eu\/fronteira2020\/wp-content\/uploads\/2023\/05\/DSC_0622-2048x1365.jpg 2048w\" sizes=\"(max-width: 1024px) 100vw, 1024px\" \/><\/figure>\n\n\n\n<p>El programa ha girado en torno a cuatro conceptos clave para la transformaci\u00f3n del turismo: empleo, formaci\u00f3n, innovaci\u00f3n y productos de apoyo. Con la intervenci\u00f3n de entidades tur\u00edsticas portuguesas, se ha analizado la realidad del turismo en Portugal y se han mostrado los resultados de algunas investigaciones en este campo:<\/p>\n\n\n\n<ul><li>10:30h Recepci\u00f3n de participantes y caf\u00e9 de bienvenida<\/li><li>11:00h Comienzan las jornadas<\/li><li>11:20h \u201cMercado laboral en Turismo\u201d, por Carlos Costa, Universidad de Aveiro<\/li><li>12:00h Discusi\u00f3n tem\u00e1tica \u201cInnovaci\u00f3n en producci\u00f3n, distribuci\u00f3n y marketing en Turismo\u201d, moderado por Mar\u00eda Jos\u00e9 Silva, fundadora de RAVT e ZENTravel<\/li><li>13:00h Exposici\u00f3n de innovaci\u00f3n y sostenibilidad en turismo<\/li><li>14:30h \u201cTurismo accesible e inclusivo\u201d, por Nuno Leal, Accessible Portugal<\/li><li>15:15h Discusi\u00f3n tem\u00e1tica:&nbsp; \u201cAccesibilidad e inclusi\u00f3n en el turismo\u201d, por empresas del sector. Moderado por Eug\u00e9nia Devilla, Instituto Polit\u00e9cnico de Coimbra<\/li><li>16:30h Caf\u00e9 networking red Fronteira<\/li><\/ul>\n\n\n\n<p>El partnerario tuvo la posibilidad de exponer en stand diferentes productos de apoyo espec\u00edficos para el turismo accesible como silla de ruedas para practicar esqu\u00ed, para ba\u00f1arse en el mar, para rutas de senderismo\u2026 Los asistentes tuvieron la oportunidad de conocer de primera mano las diferentes funcionalidades de estos productos y de probarlos en primera persona.&nbsp;<\/p>\n\n\n\n<p>El proyecto Fronteira se enmarca dentro del programa de Cooperaci\u00f3n Territorial Europeo (Interreg).<\/p>\n\n\n\n<figure class=\"wp-block-image size-large\"><img loading=\"lazy\" width=\"1024\" height=\"683\" src=\"https:\/\/www.fronteira.eu\/fronteira2020\/wp-content\/uploads\/2023\/05\/DSC_0799-1024x683.jpg\" alt=\"Jornadas Fronteira - Turismo Accesible e Inclusivo\" class=\"wp-image-1392\" srcset=\"https:\/\/www.fronteira.eu\/fronteira2020\/wp-content\/uploads\/2023\/05\/DSC_0799-1024x683.jpg 1024w, https:\/\/www.fronteira.eu\/fronteira2020\/wp-content\/uploads\/2023\/05\/DSC_0799-300x200.jpg 300w, https:\/\/www.fronteira.eu\/fronteira2020\/wp-content\/uploads\/2023\/05\/DSC_0799-768x512.jpg 768w, https:\/\/www.fronteira.eu\/fronteira2020\/wp-content\/uploads\/2023\/05\/DSC_0799-1536x1024.jpg 1536w, https:\/\/www.fronteira.eu\/fronteira2020\/wp-content\/uploads\/2023\/05\/DSC_0799-2048x1365.jpg 2048w\" sizes=\"(max-width: 1024px) 100vw, 1024px\" \/><\/figure>\n","protected":false},"excerpt":{"rendered":"<p>Con el objetivo de hablar sobre turismo accesible y comprender mejor las necesidades y dificultades que conlleva, se han celebrado las Jornadas Fronteira &#8211; Turismo Accesible e Inclusivo, en la localidad portuguesa de Guarda.&nbsp; El programa ha girado en torno<\/p>\n","protected":false},"author":2,"featured_media":0,"comment_status":"closed","ping_status":"closed","sticky":false,"template":"","format":"standard","meta":[],"categories":[7],"tags":[],"_links":{"self":[{"href":"https:\/\/www.fronteira.eu\/fronteira2020\/wp-json\/wp\/v2\/posts\/1389"}],"collection":[{"href":"https:\/\/www.fronteira.eu\/fronteira2020\/wp-json\/wp\/v2\/posts"}],"about":[{"href":"https:\/\/www.fronteira.eu\/fronteira2020\/wp-json\/wp\/v2\/types\/post"}],"author":[{"embeddable":true,"href":"https:\/\/www.fronteira.eu\/fronteira2020\/wp-json\/wp\/v2\/users\/2"}],"replies":[{"embeddable":true,"href":"https:\/\/www.fronteira.eu\/fronteira2020\/wp-json\/wp\/v2\/comments?post=1389"}],"version-history":[{"count":1,"href":"https:\/\/www.fronteira.eu\/fronteira2020\/wp-json\/wp\/v2\/posts\/1389\/revisions"}],"predecessor-version":[{"id":1393,"href":"https:\/\/www.fronteira.eu\/fronteira2020\/wp-json\/wp\/v2\/posts\/1389\/revisions\/1393"}],"wp:attachment":[{"href":"https:\/\/www.fronteira.eu\/fronteira2020\/wp-json\/wp\/v2\/media?parent=1389"}],"wp:term":[{"taxonomy":"category","embeddable":true,"href":"https:\/\/www.fronteira.eu\/fronteira2020\/wp-json\/wp\/v2\/categories?post=1389"},{"taxonomy":"post_tag","embeddable":true,"href":"https:\/\/www.fronteira.eu\/fronteira2020\/wp-json\/wp\/v2\/tags?post=1389"}],"curies":[{"name":"wp","href":"https:\/\/api.w.org\/{rel}","templated":true}]}}