{"id":1381,"date":"2023-03-29T13:22:49","date_gmt":"2023-03-29T13:22:49","guid":{"rendered":"https:\/\/www.fronteira.eu\/fronteira2020\/?p=1381"},"modified":"2023-04-05T09:07:31","modified_gmt":"2023-04-05T09:07:31","slug":"los-socios-del-proyecto-fronteira-celebran-una-reunion-de-seguimiento-en-san-esteban-de-la-sierra-%ef%bf%bc","status":"publish","type":"post","link":"https:\/\/www.fronteira.eu\/fronteira2020\/los-socios-del-proyecto-fronteira-celebran-una-reunion-de-seguimiento-en-san-esteban-de-la-sierra-%ef%bf%bc\/","title":{"rendered":"Los socios del proyecto Fronteira celebran una reuni\u00f3n de seguimiento en San Esteban de la Sierra\u00a0\ufffc"},"content":{"rendered":"\n<p>La localidad salmantina de San Esteban de la Sierra ha acogido la reuni\u00f3n de seguimiento del proyecto Fronteira, enmarcado dentro del programa de Cooperaci\u00f3n Territorial Europeo (Interreg), donde se ha dado cita el partenariado.&nbsp;<\/p>\n\n\n\n<p>Durante la jornada de trabajo se han realizado transferencias del conocimiento sobre el modelo de cuidados de larga duraci\u00f3n en hogares y entornos naturales desarrollado en Salamanca (Comarca Sierras de B\u00e9jar y Francia) y Zamora en el marco de los proyectos FRONTEIRA I y Atenci\u00f3n en RED (A gusto en casa, Viviendas en Red) y su escalado a nuevos territorios. Adem\u00e1s, las entidades portuguesas han dado a conocer los nuevos proyectos de Cartera de Servicios Sociales que van a desarrollar, y se han puesto en com\u00fan las propuestas del partenariado en relaci\u00f3n a la desinstitucionalizaci\u00f3n y el reto demogr\u00e1fico, con el empleo inclusivo y de calidad asociado al desarrollo de la econom\u00eda de los cuidados por parte de la econom\u00eda social. Tambi\u00e9n, se ha visitado el Centro Comarcal Referencial Vida Independiente de San Esteban de la Sierra.&nbsp;<\/p>\n\n\n\n<p>El partenariado est\u00e1 compuesto por las siguientes entidades: Asociaci\u00f3n Asprodes (Espa\u00f1a), C\u00e1mara Municipal de Guarda (Portugal), Instituto Polit\u00e9cnico de Guarda (Portugal), Fundaci\u00f3n Intras (Espa\u00f1a), ADM Estrela (Portugal), Gerencia de Servicios Sociales de Castilla y Le\u00f3n (Espa\u00f1a), CERCIG (Portugal) y la Fundaci\u00f3n ASPAYM CYL.<\/p>\n\n\n\n<figure class=\"wp-block-image size-full\"><img loading=\"lazy\" width=\"900\" height=\"596\" src=\"https:\/\/www.fronteira.eu\/fronteira2020\/wp-content\/uploads\/2023\/03\/noticia_20230321_reunionsegimientofronteira.jpg\" alt=\"\" class=\"wp-image-1382\" srcset=\"https:\/\/www.fronteira.eu\/fronteira2020\/wp-content\/uploads\/2023\/03\/noticia_20230321_reunionsegimientofronteira.jpg 900w, https:\/\/www.fronteira.eu\/fronteira2020\/wp-content\/uploads\/2023\/03\/noticia_20230321_reunionsegimientofronteira-300x199.jpg 300w, https:\/\/www.fronteira.eu\/fronteira2020\/wp-content\/uploads\/2023\/03\/noticia_20230321_reunionsegimientofronteira-768x509.jpg 768w\" sizes=\"(max-width: 900px) 100vw, 900px\" \/><\/figure>\n","protected":false},"excerpt":{"rendered":"<p>La localidad salmantina de San Esteban de la Sierra ha acogido la reuni\u00f3n de seguimiento del proyecto Fronteira, enmarcado dentro del programa de Cooperaci\u00f3n Territorial Europeo (Interreg), donde se ha dado cita el partenariado.&nbsp; Durante la jornada de trabajo se<\/p>\n","protected":false},"author":2,"featured_media":0,"comment_status":"closed","ping_status":"closed","sticky":false,"template":"","format":"standard","meta":[],"categories":[7],"tags":[],"_links":{"self":[{"href":"https:\/\/www.fronteira.eu\/fronteira2020\/wp-json\/wp\/v2\/posts\/1381"}],"collection":[{"href":"https:\/\/www.fronteira.eu\/fronteira2020\/wp-json\/wp\/v2\/posts"}],"about":[{"href":"https:\/\/www.fronteira.eu\/fronteira2020\/wp-json\/wp\/v2\/types\/post"}],"author":[{"embeddable":true,"href":"https:\/\/www.fronteira.eu\/fronteira2020\/wp-json\/wp\/v2\/users\/2"}],"replies":[{"embeddable":true,"href":"https:\/\/www.fronteira.eu\/fronteira2020\/wp-json\/wp\/v2\/comments?post=1381"}],"version-history":[{"count":1,"href":"https:\/\/www.fronteira.eu\/fronteira2020\/wp-json\/wp\/v2\/posts\/1381\/revisions"}],"predecessor-version":[{"id":1383,"href":"https:\/\/www.fronteira.eu\/fronteira2020\/wp-json\/wp\/v2\/posts\/1381\/revisions\/1383"}],"wp:attachment":[{"href":"https:\/\/www.fronteira.eu\/fronteira2020\/wp-json\/wp\/v2\/media?parent=1381"}],"wp:term":[{"taxonomy":"category","embeddable":true,"href":"https:\/\/www.fronteira.eu\/fronteira2020\/wp-json\/wp\/v2\/categories?post=1381"},{"taxonomy":"post_tag","embeddable":true,"href":"https:\/\/www.fronteira.eu\/fronteira2020\/wp-json\/wp\/v2\/tags?post=1381"}],"curies":[{"name":"wp","href":"https:\/\/api.w.org\/{rel}","templated":true}]}}