{"id":1189,"date":"2022-08-25T07:49:46","date_gmt":"2022-08-25T07:49:46","guid":{"rendered":"https:\/\/www.fronteira.eu\/fronteira2020\/?p=1189"},"modified":"2022-08-25T07:49:50","modified_gmt":"2022-08-25T07:49:50","slug":"cuidados-integrados-de-larga-duracion-en-el-domicilio-desde-el-modelo-de-atencion-centrado-en-la-persona-perspectiva-etica","status":"publish","type":"post","link":"https:\/\/www.fronteira.eu\/fronteira2020\/cuidados-integrados-de-larga-duracion-en-el-domicilio-desde-el-modelo-de-atencion-centrado-en-la-persona-perspectiva-etica\/","title":{"rendered":"\u201cCuidados integrados de larga duraci\u00f3n en el domicilio, desde el modelo de atenci\u00f3n centrado en la persona: perspectiva \u00e9tica\u201d"},"content":{"rendered":"\n<p>Otra de las formaciones que se han desarrollado en el marco del <a rel=\"noreferrer noopener\" href=\"https:\/\/serviciossociales.jcyl.es\/web\/es\/servicios-sociales-innovacion\/proyecto-fronteira.html\" target=\"_blank\">Plan de Formaci\u00f3n en Cuidados Integrados de Larga Duraci\u00f3n en el Domicilio<\/a>, impulsado por la<strong> Gerencia de Servicios Sociales de la Junta de Castilla y Le\u00f3n<\/strong>, socio del proyecto Fronteira, ha sido el titulado <strong>\u201cCuidados integrados de larga duraci\u00f3n en el domicilio, desde el modelo de atenci\u00f3n centrado en la persona: perspectiva \u00e9tica\u00bb<\/strong>. <\/p>\n\n\n\n<p>A trav\u00e9s de esta charla se han trabajando algunos fundamentos como la dignidad, los derechos, la autonom\u00eda independiente, la autorrealizaci\u00f3n y la responsabilidad en el marco de la atenci\u00f3n a las personas. Adem\u00e1s se ha trabajado la importancia del modelo y el enfoque, la \u00e9tica y el modelo de AICP, los m\u00ednimos universales exigibles y la excelencia en el buen trato. <\/p>\n\n\n\n<p><a href=\"https:\/\/serviciossociales.jcyl.es\/web\/jcyl\/binarios\/334\/51\/Cuidados%20integrados%20de%20larga%20duraci%C3%B3n%20desde%20el%20modelo%20ACP%20-Perspectiva%20ETICA.pdf?blobheader=application%2Fpdf%3Bcharset%3DUTF-8&amp;blobnocache=true\" target=\"_blank\" rel=\"noreferrer noopener\">Pod\u00e9is consultar la presentaci\u00f3n en a trav\u00e9s de este enlace. <\/a><\/p>\n","protected":false},"excerpt":{"rendered":"<p>Otra de las formaciones que se han desarrollado en el marco del Plan de Formaci\u00f3n en Cuidados Integrados de Larga Duraci\u00f3n en el Domicilio, impulsado por la Gerencia de Servicios Sociales de la Junta de Castilla y Le\u00f3n, socio del<\/p>\n","protected":false},"author":2,"featured_media":1190,"comment_status":"closed","ping_status":"closed","sticky":false,"template":"","format":"standard","meta":[],"categories":[7],"tags":[],"_links":{"self":[{"href":"https:\/\/www.fronteira.eu\/fronteira2020\/wp-json\/wp\/v2\/posts\/1189"}],"collection":[{"href":"https:\/\/www.fronteira.eu\/fronteira2020\/wp-json\/wp\/v2\/posts"}],"about":[{"href":"https:\/\/www.fronteira.eu\/fronteira2020\/wp-json\/wp\/v2\/types\/post"}],"author":[{"embeddable":true,"href":"https:\/\/www.fronteira.eu\/fronteira2020\/wp-json\/wp\/v2\/users\/2"}],"replies":[{"embeddable":true,"href":"https:\/\/www.fronteira.eu\/fronteira2020\/wp-json\/wp\/v2\/comments?post=1189"}],"version-history":[{"count":1,"href":"https:\/\/www.fronteira.eu\/fronteira2020\/wp-json\/wp\/v2\/posts\/1189\/revisions"}],"predecessor-version":[{"id":1191,"href":"https:\/\/www.fronteira.eu\/fronteira2020\/wp-json\/wp\/v2\/posts\/1189\/revisions\/1191"}],"wp:featuredmedia":[{"embeddable":true,"href":"https:\/\/www.fronteira.eu\/fronteira2020\/wp-json\/wp\/v2\/media\/1190"}],"wp:attachment":[{"href":"https:\/\/www.fronteira.eu\/fronteira2020\/wp-json\/wp\/v2\/media?parent=1189"}],"wp:term":[{"taxonomy":"category","embeddable":true,"href":"https:\/\/www.fronteira.eu\/fronteira2020\/wp-json\/wp\/v2\/categories?post=1189"},{"taxonomy":"post_tag","embeddable":true,"href":"https:\/\/www.fronteira.eu\/fronteira2020\/wp-json\/wp\/v2\/tags?post=1189"}],"curies":[{"name":"wp","href":"https:\/\/api.w.org\/{rel}","templated":true}]}}