{"id":1181,"date":"2022-08-25T07:31:36","date_gmt":"2022-08-25T07:31:36","guid":{"rendered":"https:\/\/www.fronteira.eu\/fronteira2020\/?p=1181"},"modified":"2022-08-25T07:32:22","modified_gmt":"2022-08-25T07:32:22","slug":"de-la-historia-de-vida-al-proyecto-de-vida","status":"publish","type":"post","link":"https:\/\/www.fronteira.eu\/fronteira2020\/de-la-historia-de-vida-al-proyecto-de-vida\/","title":{"rendered":"\u201cDe la historia de vida al proyecto de vida\u201d"},"content":{"rendered":"\n<p>Otra de las jornadas de formaci\u00f3n que ha realizado la <strong>Gerencia de Servicios Sociales de la Junta de Castilla y Le\u00f3n <\/strong>en el marco de su <a rel=\"noreferrer noopener\" href=\"https:\/\/serviciossociales.jcyl.es\/web\/es\/servicios-sociales-innovacion\/proyecto-fronteira.html\" target=\"_blank\">Plan de Formaci\u00f3n en Cuidados Integrados de Larga Duraci\u00f3n en el Domicilio<\/a>, es la titulada \u00abDe la historia de vida al proyecto de vida\u00bb.<\/p>\n\n\n\n<p>La historia de vida se trata del relato que la propia persona mayor hace de s\u00ed misma y de su vida, con valores esenciales como la familia, la amistad, el compromiso con su oficio, ense\u00f1anza y aprendizaje, la interacci\u00f3n y lo tradicional, sus ra\u00edces.<\/p>\n\n\n\n<p>Un proceso clave en el marco de la atenci\u00f3n centrada en la persona y en sus proyectos de vida que plantea la Junta de Castilla y Le\u00f3n como socio del Proyecto Fronteira a trav\u00e9s de su trabajo.<\/p>\n\n\n\n<p>En este enlace pod\u00e9is <a href=\"https:\/\/serviciossociales.jcyl.es\/web\/jcyl\/binarios\/645\/1003\/De%20la%20historia%20de%20vida%20al%20proyecto%20de%20vida.pdf?blobheader=application%2Fpdf%3Bcharset%3DUTF-8&amp;blobnocache=true\" target=\"_blank\" rel=\"noreferrer noopener\">consultar la presentaci\u00f3n completa de la formaci\u00f3n<\/a>. <\/p>\n","protected":false},"excerpt":{"rendered":"<p>Otra de las jornadas de formaci\u00f3n que ha realizado la Gerencia de Servicios Sociales de la Junta de Castilla y Le\u00f3n en el marco de su Plan de Formaci\u00f3n en Cuidados Integrados de Larga Duraci\u00f3n en el Domicilio, es la<\/p>\n","protected":false},"author":2,"featured_media":1182,"comment_status":"closed","ping_status":"closed","sticky":false,"template":"","format":"standard","meta":[],"categories":[7],"tags":[],"_links":{"self":[{"href":"https:\/\/www.fronteira.eu\/fronteira2020\/wp-json\/wp\/v2\/posts\/1181"}],"collection":[{"href":"https:\/\/www.fronteira.eu\/fronteira2020\/wp-json\/wp\/v2\/posts"}],"about":[{"href":"https:\/\/www.fronteira.eu\/fronteira2020\/wp-json\/wp\/v2\/types\/post"}],"author":[{"embeddable":true,"href":"https:\/\/www.fronteira.eu\/fronteira2020\/wp-json\/wp\/v2\/users\/2"}],"replies":[{"embeddable":true,"href":"https:\/\/www.fronteira.eu\/fronteira2020\/wp-json\/wp\/v2\/comments?post=1181"}],"version-history":[{"count":2,"href":"https:\/\/www.fronteira.eu\/fronteira2020\/wp-json\/wp\/v2\/posts\/1181\/revisions"}],"predecessor-version":[{"id":1185,"href":"https:\/\/www.fronteira.eu\/fronteira2020\/wp-json\/wp\/v2\/posts\/1181\/revisions\/1185"}],"wp:featuredmedia":[{"embeddable":true,"href":"https:\/\/www.fronteira.eu\/fronteira2020\/wp-json\/wp\/v2\/media\/1182"}],"wp:attachment":[{"href":"https:\/\/www.fronteira.eu\/fronteira2020\/wp-json\/wp\/v2\/media?parent=1181"}],"wp:term":[{"taxonomy":"category","embeddable":true,"href":"https:\/\/www.fronteira.eu\/fronteira2020\/wp-json\/wp\/v2\/categories?post=1181"},{"taxonomy":"post_tag","embeddable":true,"href":"https:\/\/www.fronteira.eu\/fronteira2020\/wp-json\/wp\/v2\/tags?post=1181"}],"curies":[{"name":"wp","href":"https:\/\/api.w.org\/{rel}","templated":true}]}}