{"id":1170,"date":"2022-08-25T07:14:34","date_gmt":"2022-08-25T07:14:34","guid":{"rendered":"https:\/\/www.fronteira.eu\/fronteira2020\/?p=1170"},"modified":"2022-08-25T07:14:39","modified_gmt":"2022-08-25T07:14:39","slug":"trabajando-en-proyectos-de-vida","status":"publish","type":"post","link":"https:\/\/www.fronteira.eu\/fronteira2020\/trabajando-en-proyectos-de-vida\/","title":{"rendered":"\u201cTrabajando en proyectos de vida\u201d"},"content":{"rendered":"\n<p>En el marco del <a href=\"https:\/\/serviciossociales.jcyl.es\/web\/es\/servicios-sociales-innovacion\/proyecto-fronteira.html\" target=\"_blank\" rel=\"noreferrer noopener\">Plan de Formaci\u00f3n en Cuidados Integrados de Larga Duraci\u00f3n en el Domicilio<\/a>, desarrollado por la <strong>Gerencia de Servicios Sociales de la Junta de Castilla y Le\u00f3n<\/strong>, se ha desarrollado la acci\u00f3n formativa titulada \u00abTrabajando en proyectos de vida\u00bb. <\/p>\n\n\n\n<p>Esta formaci\u00f3n, impulsada por el socio del proyecto Fronteira,  ha pretendido trabajar, en el marco de un modelo de atenci\u00f3n centrado en la persona, la \u00e9tica vinculada a la atenci\u00f3n centrada a la persona, el proyecto de vida y c\u00f3mo se est\u00e1 desarrollando la situaci\u00f3n actual en la comunidad de Castilla y Le\u00f3n.<\/p>\n\n\n\n<p>En<a href=\"https:\/\/serviciossociales.jcyl.es\/web\/jcyl\/binarios\/374\/1000\/Trabajando%20con%20proyecto%20de%20vida.pdf?blobheader=application%2Fpdf%3Bcharset%3DUTF-8&amp;blobnocache=true\" target=\"_blank\" rel=\"noreferrer noopener\"> este enlace pod\u00e9is consultar la presentaci\u00f3n completa de la formaci\u00f3n.<\/a><\/p>\n","protected":false},"excerpt":{"rendered":"<p>En el marco del Plan de Formaci\u00f3n en Cuidados Integrados de Larga Duraci\u00f3n en el Domicilio, desarrollado por la Gerencia de Servicios Sociales de la Junta de Castilla y Le\u00f3n, se ha desarrollado la acci\u00f3n formativa titulada \u00abTrabajando en proyectos<\/p>\n","protected":false},"author":2,"featured_media":1171,"comment_status":"closed","ping_status":"closed","sticky":false,"template":"","format":"standard","meta":[],"categories":[7],"tags":[],"_links":{"self":[{"href":"https:\/\/www.fronteira.eu\/fronteira2020\/wp-json\/wp\/v2\/posts\/1170"}],"collection":[{"href":"https:\/\/www.fronteira.eu\/fronteira2020\/wp-json\/wp\/v2\/posts"}],"about":[{"href":"https:\/\/www.fronteira.eu\/fronteira2020\/wp-json\/wp\/v2\/types\/post"}],"author":[{"embeddable":true,"href":"https:\/\/www.fronteira.eu\/fronteira2020\/wp-json\/wp\/v2\/users\/2"}],"replies":[{"embeddable":true,"href":"https:\/\/www.fronteira.eu\/fronteira2020\/wp-json\/wp\/v2\/comments?post=1170"}],"version-history":[{"count":1,"href":"https:\/\/www.fronteira.eu\/fronteira2020\/wp-json\/wp\/v2\/posts\/1170\/revisions"}],"predecessor-version":[{"id":1172,"href":"https:\/\/www.fronteira.eu\/fronteira2020\/wp-json\/wp\/v2\/posts\/1170\/revisions\/1172"}],"wp:featuredmedia":[{"embeddable":true,"href":"https:\/\/www.fronteira.eu\/fronteira2020\/wp-json\/wp\/v2\/media\/1171"}],"wp:attachment":[{"href":"https:\/\/www.fronteira.eu\/fronteira2020\/wp-json\/wp\/v2\/media?parent=1170"}],"wp:term":[{"taxonomy":"category","embeddable":true,"href":"https:\/\/www.fronteira.eu\/fronteira2020\/wp-json\/wp\/v2\/categories?post=1170"},{"taxonomy":"post_tag","embeddable":true,"href":"https:\/\/www.fronteira.eu\/fronteira2020\/wp-json\/wp\/v2\/tags?post=1170"}],"curies":[{"name":"wp","href":"https:\/\/api.w.org\/{rel}","templated":true}]}}