{"id":1153,"date":"2022-07-25T11:50:06","date_gmt":"2022-07-25T11:50:06","guid":{"rendered":"https:\/\/www.fronteira.eu\/fronteira2020\/?p=1153"},"modified":"2022-08-25T07:25:05","modified_gmt":"2022-08-25T07:25:05","slug":"la-atencion-centrada-en-lo-importante-para-la-persona","status":"publish","type":"post","link":"https:\/\/www.fronteira.eu\/fronteira2020\/la-atencion-centrada-en-lo-importante-para-la-persona\/","title":{"rendered":"\u00abLa atenci\u00f3n centrada en lo importante para la persona\u00bb"},"content":{"rendered":"\n<hr class=\"wp-block-separator\"\/>\n\n\n\n<p>La Gerencia de Servicios Sociales de la Junta de Castilla y Le\u00f3n, como socio del proyecto Fronteira2020, ha implementado el<strong><a href=\"https:\/\/serviciossociales.jcyl.es\/web\/es\/servicios-sociales-innovacion\/proyecto-fronteira.html\"> Plan de Formaci\u00f3n en Cuidados Integrados de Larga Duraci\u00f3n en el Domicilio,<\/a><\/strong> desarrollado desde un modelo de atenci\u00f3n centrada en la persona.<\/p>\n\n\n\n<p>Este plan de formaci\u00f3n se ha promovido en diferentes grupos de trabajo, dirigidos a todas las personas implicadas en el desarrollo del proyecto de la zona de Salamanca, Zamora y Portugal, y se ha desarrollado en varias acciones formativas, desarrolladas principalmente de forma online, debido a la situaci\u00f3n sanitaria.<\/p>\n\n\n\n<p>Una de estas acciones formativas engloba la <strong>Atenci\u00f3n Centrada en lo Importante para la Persona<\/strong>, que tiene como objetivo favorecer que todas las personas que acudan a los Servicios Sociales sean atendidas y apoyadas tomando como base sus intereses, valores y lo verdaderamente importante para ellas.<\/p>\n\n\n\n<p>Pod\u00e9is consultar la presentaci\u00f3n completa de esta formaci\u00f3n<a rel=\"noreferrer noopener\" href=\"https:\/\/serviciossociales.jcyl.es\/web\/es\/servicios-sociales-innovacion\/proyecto-fronteira.html\" target=\"_blank\"> a trav\u00e9s de este enlace,<\/a> proporcionado por la Gerencia de Servicios Sociales de la Junta de Castilla y Le\u00f3n. <\/p>\n","protected":false},"excerpt":{"rendered":"<p>La Gerencia de Servicios Sociales de la Junta de Castilla y Le\u00f3n, como socio del proyecto Fronteira2020, ha implementado el Plan de Formaci\u00f3n en Cuidados Integrados de Larga Duraci\u00f3n en el Domicilio, desarrollado desde un modelo de atenci\u00f3n centrada en<\/p>\n","protected":false},"author":2,"featured_media":1154,"comment_status":"closed","ping_status":"closed","sticky":false,"template":"","format":"standard","meta":[],"categories":[7],"tags":[],"_links":{"self":[{"href":"https:\/\/www.fronteira.eu\/fronteira2020\/wp-json\/wp\/v2\/posts\/1153"}],"collection":[{"href":"https:\/\/www.fronteira.eu\/fronteira2020\/wp-json\/wp\/v2\/posts"}],"about":[{"href":"https:\/\/www.fronteira.eu\/fronteira2020\/wp-json\/wp\/v2\/types\/post"}],"author":[{"embeddable":true,"href":"https:\/\/www.fronteira.eu\/fronteira2020\/wp-json\/wp\/v2\/users\/2"}],"replies":[{"embeddable":true,"href":"https:\/\/www.fronteira.eu\/fronteira2020\/wp-json\/wp\/v2\/comments?post=1153"}],"version-history":[{"count":9,"href":"https:\/\/www.fronteira.eu\/fronteira2020\/wp-json\/wp\/v2\/posts\/1153\/revisions"}],"predecessor-version":[{"id":1180,"href":"https:\/\/www.fronteira.eu\/fronteira2020\/wp-json\/wp\/v2\/posts\/1153\/revisions\/1180"}],"wp:featuredmedia":[{"embeddable":true,"href":"https:\/\/www.fronteira.eu\/fronteira2020\/wp-json\/wp\/v2\/media\/1154"}],"wp:attachment":[{"href":"https:\/\/www.fronteira.eu\/fronteira2020\/wp-json\/wp\/v2\/media?parent=1153"}],"wp:term":[{"taxonomy":"category","embeddable":true,"href":"https:\/\/www.fronteira.eu\/fronteira2020\/wp-json\/wp\/v2\/categories?post=1153"},{"taxonomy":"post_tag","embeddable":true,"href":"https:\/\/www.fronteira.eu\/fronteira2020\/wp-json\/wp\/v2\/tags?post=1153"}],"curies":[{"name":"wp","href":"https:\/\/api.w.org\/{rel}","templated":true}]}}