{"id":1778,"date":"2025-10-29T08:35:14","date_gmt":"2025-10-29T08:35:14","guid":{"rendered":"https:\/\/www.fronteira.eu\/RISfronteira\/?p=1778"},"modified":"2025-10-29T08:35:27","modified_gmt":"2025-10-29T08:35:27","slug":"ris-fronteira-avanca-na-inovacao-social-e-cuidados-prolongados","status":"publish","type":"post","link":"https:\/\/www.fronteira.eu\/RISfronteira\/pt\/ris-fronteira-avanca-na-inovacao-social-e-cuidados-prolongados\/","title":{"rendered":"RIS Fronteira avan\u00e7a na inova\u00e7\u00e3o social e cuidados prolongados"},"content":{"rendered":"\n<p>Realizou-se em Salamanca uma nova jornada transfronteiri\u00e7a da RIS Fronteira, iniciativa enquadrada no Programa Operacional de Coopera\u00e7\u00e3o Transfronteiri\u00e7a Espanha-Portugal (POCTEP), <strong>dedicada ao desenvolvimento de Comunidades de Cuidados dentro do Hub Social do projeto.<\/strong><\/p>\n\n\n\n<figure class=\"wp-block-image size-full\"><img loading=\"lazy\" width=\"900\" height=\"596\" src=\"https:\/\/www.fronteira.eu\/RISfronteira\/wp-content\/uploads\/2025\/10\/noticia_25.10.28_salamanca-01.jpg\" alt=\"Representantes de las entidades miembro del proyecto en la reuni\u00f3n celebrada en Salamanca\" class=\"wp-image-1773\" srcset=\"https:\/\/www.fronteira.eu\/RISfronteira\/wp-content\/uploads\/2025\/10\/noticia_25.10.28_salamanca-01.jpg 900w, https:\/\/www.fronteira.eu\/RISfronteira\/wp-content\/uploads\/2025\/10\/noticia_25.10.28_salamanca-01-300x199.jpg 300w, https:\/\/www.fronteira.eu\/RISfronteira\/wp-content\/uploads\/2025\/10\/noticia_25.10.28_salamanca-01-768x509.jpg 768w\" sizes=\"(max-width: 900px) 100vw, 900px\" \/><\/figure>\n\n\n\n<p><br>A atividade reuniu as entidades parceiras, bem como organiza\u00e7\u00f5es de Castela e Le\u00e3o e da regi\u00e3o Centro de Portugal, para <strong>partilhar experi\u00eancias, analisar boas pr\u00e1ticas e impulsionar a coopera\u00e7\u00e3o transfronteiri\u00e7a no \u00e2mbito do Modelo de Cuidados de Longa Dura\u00e7\u00e3o (CLD).<\/strong><\/p>\n\n\n\n<p><br>O programa centrou-se na<strong> mesa de trabalho \u00abConstruindo Comunidades de Cuidados\u00bb<\/strong> e incluiu visitas a experi\u00eancias-piloto nos bairros de San Bernardo e Pizarrales. Durante a jornada, procurou-se <strong>aprofundar este modelo de apoio local, aprender com as experi\u00eancias-piloto e promover a inova\u00e7\u00e3o social <\/strong>nos servi\u00e7os de cuidados.<\/p>\n\n\n\n<figure class=\"wp-block-image size-full\"><img loading=\"lazy\" width=\"900\" height=\"596\" src=\"https:\/\/www.fronteira.eu\/RISfronteira\/wp-content\/uploads\/2025\/10\/noticia_25.10.28_salamanca-02-1.jpg\" alt=\"Miembros de ASPRODES Salamanca dirigen la mesa de trabajo &quot;Construyendo Comunidades de Cuidados&quot;\" class=\"wp-image-1772\" srcset=\"https:\/\/www.fronteira.eu\/RISfronteira\/wp-content\/uploads\/2025\/10\/noticia_25.10.28_salamanca-02-1.jpg 900w, https:\/\/www.fronteira.eu\/RISfronteira\/wp-content\/uploads\/2025\/10\/noticia_25.10.28_salamanca-02-1-300x199.jpg 300w, https:\/\/www.fronteira.eu\/RISfronteira\/wp-content\/uploads\/2025\/10\/noticia_25.10.28_salamanca-02-1-768x509.jpg 768w\" sizes=\"(max-width: 900px) 100vw, 900px\" \/><\/figure>\n\n\n\n<p><br>Com esta jornada, o projeto RIS Fronteira <strong>refor\u00e7a o seu compromisso com a colabora\u00e7\u00e3o transfronteiri\u00e7a<\/strong> e com a promo\u00e7\u00e3o de servi\u00e7os de cuidados de longa dura\u00e7\u00e3o de qualidade, sustent\u00e1veis e inovadores.<\/p>\n","protected":false},"excerpt":{"rendered":"<p>Realizou-se em Salamanca uma nova jornada transfronteiri\u00e7a da RIS Fronteira, iniciativa enquadrada no Programa Operacional de Coopera\u00e7\u00e3o Transfronteiri\u00e7a Espanha-Portugal (POCTEP), dedicada ao desenvolvimento de Comunidades de Cuidados dentro do Hub Social do projeto. A atividade reuniu as entidades parceiras, bem<\/p>\n","protected":false},"author":2,"featured_media":0,"comment_status":"closed","ping_status":"closed","sticky":false,"template":"","format":"standard","meta":[],"categories":[20],"tags":[],"_links":{"self":[{"href":"https:\/\/www.fronteira.eu\/RISfronteira\/wp-json\/wp\/v2\/posts\/1778"}],"collection":[{"href":"https:\/\/www.fronteira.eu\/RISfronteira\/wp-json\/wp\/v2\/posts"}],"about":[{"href":"https:\/\/www.fronteira.eu\/RISfronteira\/wp-json\/wp\/v2\/types\/post"}],"author":[{"embeddable":true,"href":"https:\/\/www.fronteira.eu\/RISfronteira\/wp-json\/wp\/v2\/users\/2"}],"replies":[{"embeddable":true,"href":"https:\/\/www.fronteira.eu\/RISfronteira\/wp-json\/wp\/v2\/comments?post=1778"}],"version-history":[{"count":3,"href":"https:\/\/www.fronteira.eu\/RISfronteira\/wp-json\/wp\/v2\/posts\/1778\/revisions"}],"predecessor-version":[{"id":1782,"href":"https:\/\/www.fronteira.eu\/RISfronteira\/wp-json\/wp\/v2\/posts\/1778\/revisions\/1782"}],"wp:attachment":[{"href":"https:\/\/www.fronteira.eu\/RISfronteira\/wp-json\/wp\/v2\/media?parent=1778"}],"wp:term":[{"taxonomy":"category","embeddable":true,"href":"https:\/\/www.fronteira.eu\/RISfronteira\/wp-json\/wp\/v2\/categories?post=1778"},{"taxonomy":"post_tag","embeddable":true,"href":"https:\/\/www.fronteira.eu\/RISfronteira\/wp-json\/wp\/v2\/tags?post=1778"}],"curies":[{"name":"wp","href":"https:\/\/api.w.org\/{rel}","templated":true}]}}