{"id":1770,"date":"2025-10-29T08:22:24","date_gmt":"2025-10-29T08:22:24","guid":{"rendered":"https:\/\/www.fronteira.eu\/RISfronteira\/?p=1770"},"modified":"2025-10-29T08:29:58","modified_gmt":"2025-10-29T08:29:58","slug":"ris-fronteira-avanza-en-innovacion-social-y-cuidados-de-larga-duracion-en-castilla-y-leon","status":"publish","type":"post","link":"https:\/\/www.fronteira.eu\/RISfronteira\/ris-fronteira-avanza-en-innovacion-social-y-cuidados-de-larga-duracion-en-castilla-y-leon\/","title":{"rendered":"RIS Fronteira avanza en innovaci\u00f3n social y cuidados de larga duraci\u00f3n"},"content":{"rendered":"\n<p>Se ha celebrado en Salamanca una nueva jornada transfronteriza de RIS Fronteira, iniciativa enmarcada en el Programa Operativo de Cooperaci\u00f3n Transfronteriza Espa\u00f1a-Portugal (POCTEP),<strong> dedicada al desarrollo de Comunidades de Cuidados dentro del Hub Social del proyecto.<\/strong><\/p>\n\n\n\n<figure class=\"wp-block-image size-full\"><img loading=\"lazy\" width=\"900\" height=\"596\" src=\"https:\/\/www.fronteira.eu\/RISfronteira\/wp-content\/uploads\/2025\/10\/noticia_25.10.28_salamanca-01-1.jpg\" alt=\"Representantes de las entidades miembro reunidos en Salamanca\" class=\"wp-image-1774\" srcset=\"https:\/\/www.fronteira.eu\/RISfronteira\/wp-content\/uploads\/2025\/10\/noticia_25.10.28_salamanca-01-1.jpg 900w, https:\/\/www.fronteira.eu\/RISfronteira\/wp-content\/uploads\/2025\/10\/noticia_25.10.28_salamanca-01-1-300x199.jpg 300w, https:\/\/www.fronteira.eu\/RISfronteira\/wp-content\/uploads\/2025\/10\/noticia_25.10.28_salamanca-01-1-768x509.jpg 768w\" sizes=\"(max-width: 900px) 100vw, 900px\" \/><\/figure>\n\n\n\n<p><br>La actividad reuni\u00f3 a las entidades socias, as\u00ed como a organizaciones de Castilla y Le\u00f3n y de la regi\u00f3n Centro de Portugal, para<strong> compartir experiencias, analizar buenas pr\u00e1cticas e impulsar la cooperaci\u00f3n transfronteriza en el \u00e1mbito del Modelo de Cuidados de Larga Duraci\u00f3n (CLD)<\/strong>.<\/p>\n\n\n\n<p><br>El programa se centr\u00f3 en la<strong> mesa de trabajo \u201cConstruyendo Comunidades de Cuidados\u201d<\/strong> e incluy\u00f3 visitas a experiencias piloto en los barrios de San Bernardo y Pizarrales. Durante la jornada se busc\u00f3 <strong>profundizar en este modelo de apoyo local, aprender de las experiencias piloto y fomentar la innovaci\u00f3n social<\/strong> en los servicios de cuidados.<\/p>\n\n\n\n<figure class=\"wp-block-image size-full\"><img loading=\"lazy\" width=\"900\" height=\"596\" src=\"https:\/\/www.fronteira.eu\/RISfronteira\/wp-content\/uploads\/2025\/10\/noticia_25.10.28_salamanca-02-1.jpg\" alt=\"Miembros de ASPRODES Salamanca dirigen la mesa de trabajo &quot;Construyendo Comunidades de Cuidados&quot;\" class=\"wp-image-1772\" srcset=\"https:\/\/www.fronteira.eu\/RISfronteira\/wp-content\/uploads\/2025\/10\/noticia_25.10.28_salamanca-02-1.jpg 900w, https:\/\/www.fronteira.eu\/RISfronteira\/wp-content\/uploads\/2025\/10\/noticia_25.10.28_salamanca-02-1-300x199.jpg 300w, https:\/\/www.fronteira.eu\/RISfronteira\/wp-content\/uploads\/2025\/10\/noticia_25.10.28_salamanca-02-1-768x509.jpg 768w\" sizes=\"(max-width: 900px) 100vw, 900px\" \/><\/figure>\n\n\n\n<p><br>Con esta jornada, el proyecto RIS Fronteira<strong> refuerza su compromiso con la colaboraci\u00f3n transfronteriza<\/strong> y con la promoci\u00f3n de servicios de cuidados de larga duraci\u00f3n de calidad, sostenibles e innovadores.<\/p>\n","protected":false},"excerpt":{"rendered":"<p>Se ha celebrado en Salamanca una nueva jornada transfronteriza de RIS Fronteira, iniciativa enmarcada en el Programa Operativo de Cooperaci\u00f3n Transfronteriza Espa\u00f1a-Portugal (POCTEP), dedicada al desarrollo de Comunidades de Cuidados dentro del Hub Social del proyecto. La actividad reuni\u00f3 a<\/p>\n","protected":false},"author":2,"featured_media":0,"comment_status":"closed","ping_status":"closed","sticky":false,"template":"","format":"standard","meta":[],"categories":[7],"tags":[],"_links":{"self":[{"href":"https:\/\/www.fronteira.eu\/RISfronteira\/wp-json\/wp\/v2\/posts\/1770"}],"collection":[{"href":"https:\/\/www.fronteira.eu\/RISfronteira\/wp-json\/wp\/v2\/posts"}],"about":[{"href":"https:\/\/www.fronteira.eu\/RISfronteira\/wp-json\/wp\/v2\/types\/post"}],"author":[{"embeddable":true,"href":"https:\/\/www.fronteira.eu\/RISfronteira\/wp-json\/wp\/v2\/users\/2"}],"replies":[{"embeddable":true,"href":"https:\/\/www.fronteira.eu\/RISfronteira\/wp-json\/wp\/v2\/comments?post=1770"}],"version-history":[{"count":2,"href":"https:\/\/www.fronteira.eu\/RISfronteira\/wp-json\/wp\/v2\/posts\/1770\/revisions"}],"predecessor-version":[{"id":1779,"href":"https:\/\/www.fronteira.eu\/RISfronteira\/wp-json\/wp\/v2\/posts\/1770\/revisions\/1779"}],"wp:attachment":[{"href":"https:\/\/www.fronteira.eu\/RISfronteira\/wp-json\/wp\/v2\/media?parent=1770"}],"wp:term":[{"taxonomy":"category","embeddable":true,"href":"https:\/\/www.fronteira.eu\/RISfronteira\/wp-json\/wp\/v2\/categories?post=1770"},{"taxonomy":"post_tag","embeddable":true,"href":"https:\/\/www.fronteira.eu\/RISfronteira\/wp-json\/wp\/v2\/tags?post=1770"}],"curies":[{"name":"wp","href":"https:\/\/api.w.org\/{rel}","templated":true}]}}