{"id":1758,"date":"2025-06-03T11:17:00","date_gmt":"2025-06-03T11:17:00","guid":{"rendered":"https:\/\/www.fronteira.eu\/RISfronteira\/?p=1758"},"modified":"2025-06-12T11:20:40","modified_gmt":"2025-06-12T11:20:40","slug":"ris-fronteira-reforca-a-cooperacao-transfronteirica-no-dominio-da-inovacao-para-os-cuidados-de-saude-com-uma-reuniao-em-valladolid","status":"publish","type":"post","link":"https:\/\/www.fronteira.eu\/RISfronteira\/pt\/ris-fronteira-reforca-a-cooperacao-transfronteirica-no-dominio-da-inovacao-para-os-cuidados-de-saude-com-uma-reuniao-em-valladolid\/","title":{"rendered":"RIS Fronteira refor\u00e7a a coopera\u00e7\u00e3o transfronteiri\u00e7a no dom\u00ednio da inova\u00e7\u00e3o para os cuidados de sa\u00fade com uma reuni\u00e3o em Valladolid"},"content":{"rendered":"\n<p>No dia 2 de junho, as entidades parceiras do projeto RIS Fronteira reuniram-se em Valladolid para realizar uma jornada de trabalho centrada no hub social, o espa\u00e7o do projeto dedicado \u00e0 promo\u00e7\u00e3o de solu\u00e7\u00f5es inovadoras nos dom\u00ednios dos cuidados, da sa\u00fade e da autonomia pessoal.<\/p>\n\n\n\n<p>Durante o encontro, as entidades participantes partilharam boas pr\u00e1ticas, ferramentas, metodologias e experi\u00eancias de inova\u00e7\u00e3o social aplicadas a pessoas em situa\u00e7\u00e3o de depend\u00eancia, especialmente em contextos rurais. O dia constituiu uma oportunidade para conhecer o trabalho de campo e os desenvolvimentos que as diferentes organiza\u00e7\u00f5es est\u00e3o a realizar nos seus respectivos territ\u00f3rios.<\/p>\n\n\n\n<p>A manh\u00e3 come\u00e7ou com uma apresenta\u00e7\u00e3o da ASPAYM Castilla y Le\u00f3n, onde os participantes puderam conhecer algumas das suas linhas mais inovadoras no dom\u00ednio social, centradas na promo\u00e7\u00e3o da vida aut\u00f3noma, na melhoria dos cuidados, na utiliza\u00e7\u00e3o de tecnologia acess\u00edvel e na aplica\u00e7\u00e3o de materiais 3D. De seguida, o grupo visitou a Funda\u00e7\u00e3o INTRAS, que apresentou as suas linhas de trabalho em sa\u00fade mental, tecnologia aplicada ao bem-estar psicossocial e processos de inclus\u00e3o a partir de uma perspetiva comunit\u00e1ria. \u00c0 tarde, o dia terminou no centro tecnol\u00f3gico CARTIF, onde foram discutidas abordagens de investiga\u00e7\u00e3o, automatiza\u00e7\u00e3o e desenvolvimento tecnol\u00f3gico com impacto social.<\/p>\n\n\n\n<figure class=\"wp-block-image size-full\"><img loading=\"lazy\" width=\"900\" height=\"596\" src=\"https:\/\/www.fronteira.eu\/RISfronteira\/wp-content\/uploads\/2025\/06\/noticia_250603_noticia_250603_presentacion-proyectos-hub-social-ris-fronteira-1.jpg\" alt=\"\" class=\"wp-image-1762\" srcset=\"https:\/\/www.fronteira.eu\/RISfronteira\/wp-content\/uploads\/2025\/06\/noticia_250603_noticia_250603_presentacion-proyectos-hub-social-ris-fronteira-1.jpg 900w, https:\/\/www.fronteira.eu\/RISfronteira\/wp-content\/uploads\/2025\/06\/noticia_250603_noticia_250603_presentacion-proyectos-hub-social-ris-fronteira-1-300x199.jpg 300w, https:\/\/www.fronteira.eu\/RISfronteira\/wp-content\/uploads\/2025\/06\/noticia_250603_noticia_250603_presentacion-proyectos-hub-social-ris-fronteira-1-768x509.jpg 768w\" sizes=\"(max-width: 900px) 100vw, 900px\" \/><\/figure>\n","protected":false},"excerpt":{"rendered":"<p>No dia 2 de junho, as entidades parceiras do projeto RIS Fronteira reuniram-se em Valladolid para realizar uma jornada de trabalho centrada no hub social, o espa\u00e7o do projeto dedicado \u00e0 promo\u00e7\u00e3o de solu\u00e7\u00f5es inovadoras nos dom\u00ednios dos cuidados, da<\/p>\n","protected":false},"author":2,"featured_media":0,"comment_status":"closed","ping_status":"closed","sticky":false,"template":"","format":"standard","meta":[],"categories":[20],"tags":[],"_links":{"self":[{"href":"https:\/\/www.fronteira.eu\/RISfronteira\/wp-json\/wp\/v2\/posts\/1758"}],"collection":[{"href":"https:\/\/www.fronteira.eu\/RISfronteira\/wp-json\/wp\/v2\/posts"}],"about":[{"href":"https:\/\/www.fronteira.eu\/RISfronteira\/wp-json\/wp\/v2\/types\/post"}],"author":[{"embeddable":true,"href":"https:\/\/www.fronteira.eu\/RISfronteira\/wp-json\/wp\/v2\/users\/2"}],"replies":[{"embeddable":true,"href":"https:\/\/www.fronteira.eu\/RISfronteira\/wp-json\/wp\/v2\/comments?post=1758"}],"version-history":[{"count":2,"href":"https:\/\/www.fronteira.eu\/RISfronteira\/wp-json\/wp\/v2\/posts\/1758\/revisions"}],"predecessor-version":[{"id":1763,"href":"https:\/\/www.fronteira.eu\/RISfronteira\/wp-json\/wp\/v2\/posts\/1758\/revisions\/1763"}],"wp:attachment":[{"href":"https:\/\/www.fronteira.eu\/RISfronteira\/wp-json\/wp\/v2\/media?parent=1758"}],"wp:term":[{"taxonomy":"category","embeddable":true,"href":"https:\/\/www.fronteira.eu\/RISfronteira\/wp-json\/wp\/v2\/categories?post=1758"},{"taxonomy":"post_tag","embeddable":true,"href":"https:\/\/www.fronteira.eu\/RISfronteira\/wp-json\/wp\/v2\/tags?post=1758"}],"curies":[{"name":"wp","href":"https:\/\/api.w.org\/{rel}","templated":true}]}}