{"id":1755,"date":"2025-06-03T11:16:00","date_gmt":"2025-06-03T11:16:00","guid":{"rendered":"https:\/\/www.fronteira.eu\/RISfronteira\/?p=1755"},"modified":"2025-06-12T11:20:56","modified_gmt":"2025-06-12T11:20:56","slug":"ris-fronteira-refuerza-la-cooperacion-transfronteriza-en-innovacion-para-los-cuidados-con-un-encuentro-en-valladolid","status":"publish","type":"post","link":"https:\/\/www.fronteira.eu\/RISfronteira\/ris-fronteira-refuerza-la-cooperacion-transfronteriza-en-innovacion-para-los-cuidados-con-un-encuentro-en-valladolid\/","title":{"rendered":"RIS Fronteira refuerza la cooperaci\u00f3n transfronteriza en innovaci\u00f3n para los cuidados con un encuentro en Valladolid"},"content":{"rendered":"\n<p>El <strong>2 de junio<\/strong>, las entidades socias del proyecto <strong>RIS Fronteira<\/strong> se reunieron en Valladolid para celebrar una jornada de trabajo centrada en el <strong>hub social<\/strong>, el espacio del proyecto dedicado a impulsar soluciones innovadoras en los \u00e1mbitos de los cuidados, la salud y la autonom\u00eda personal.<\/p>\n\n\n\n<p>Durante el encuentro, las entidades participantes compartieron buenas pr\u00e1cticas, herramientas, metodolog\u00edas y experiencias de innovaci\u00f3n social aplicadas a personas en situaci\u00f3n de dependencia, especialmente en contextos rurales. La jornada permiti\u00f3 conocer el trabajo de campo y los desarrollos que distintas organizaciones est\u00e1n llevando a cabo en sus respectivos territorios.<\/p>\n\n\n\n<p>La ma\u00f1ana comenz\u00f3 con una presentaci\u00f3n en <strong>ASPAYM Castilla y Le\u00f3n<\/strong>, donde los asistentes pudieron conocer algunas de sus l\u00edneas m\u00e1s innovadoras en el \u00e1mbito social, centradas en la promoci\u00f3n de la vida independiente, la mejora de los cuidados, el uso de tecnolog\u00eda accesible y la aplicaci\u00f3n de materiales 3D. A continuaci\u00f3n, el grupo visit\u00f3 la <strong>Fundaci\u00f3n INTRAS<\/strong>, que present\u00f3 sus l\u00edneas de trabajo en salud mental, tecnolog\u00eda aplicada al bienestar psicosocial y procesos de inclusi\u00f3n desde una perspectiva comunitaria. Por la tarde, la jornada concluy\u00f3 en el centro tecnol\u00f3gico <strong>CARTIF<\/strong>, donde se abordaron enfoques de investigaci\u00f3n, automatizaci\u00f3n y desarrollo tecnol\u00f3gico con impacto social.<\/p>\n\n\n\n<p>Esta actividad se enmarca en los objetivos del <strong>hub social de RIS Fronteira<\/strong>, que busca identificar, testar y transferir soluciones innovadoras en cuidados desde una perspectiva transfronteriza, compartida y centrada en las necesidades reales de las personas. El encuentro supuso tambi\u00e9n un paso importante en la creaci\u00f3n de sinergias entre entidades sociales, tecnol\u00f3gicas y acad\u00e9micas, reforzando la cooperaci\u00f3n entre Espa\u00f1a y Portugal.<\/p>\n\n\n\n<figure class=\"wp-block-image size-full\"><img loading=\"lazy\" width=\"900\" height=\"596\" src=\"https:\/\/www.fronteira.eu\/RISfronteira\/wp-content\/uploads\/2025\/06\/noticia_250603_noticia_250603_presentacion-proyectos-hub-social-ris-fronteira.jpg\" alt=\"Asistentes a la jornada que empez\u00f3 en las instalaciones de ASPAYM Castilla y L\u00e9on\" class=\"wp-image-1756\" srcset=\"https:\/\/www.fronteira.eu\/RISfronteira\/wp-content\/uploads\/2025\/06\/noticia_250603_noticia_250603_presentacion-proyectos-hub-social-ris-fronteira.jpg 900w, https:\/\/www.fronteira.eu\/RISfronteira\/wp-content\/uploads\/2025\/06\/noticia_250603_noticia_250603_presentacion-proyectos-hub-social-ris-fronteira-300x199.jpg 300w, https:\/\/www.fronteira.eu\/RISfronteira\/wp-content\/uploads\/2025\/06\/noticia_250603_noticia_250603_presentacion-proyectos-hub-social-ris-fronteira-768x509.jpg 768w\" sizes=\"(max-width: 900px) 100vw, 900px\" \/><\/figure>\n","protected":false},"excerpt":{"rendered":"<p>El 2 de junio, las entidades socias del proyecto RIS Fronteira se reunieron en Valladolid para celebrar una jornada de trabajo centrada en el hub social, el espacio del proyecto dedicado a impulsar soluciones innovadoras en los \u00e1mbitos de los<\/p>\n","protected":false},"author":2,"featured_media":0,"comment_status":"closed","ping_status":"closed","sticky":false,"template":"","format":"standard","meta":[],"categories":[7],"tags":[],"_links":{"self":[{"href":"https:\/\/www.fronteira.eu\/RISfronteira\/wp-json\/wp\/v2\/posts\/1755"}],"collection":[{"href":"https:\/\/www.fronteira.eu\/RISfronteira\/wp-json\/wp\/v2\/posts"}],"about":[{"href":"https:\/\/www.fronteira.eu\/RISfronteira\/wp-json\/wp\/v2\/types\/post"}],"author":[{"embeddable":true,"href":"https:\/\/www.fronteira.eu\/RISfronteira\/wp-json\/wp\/v2\/users\/2"}],"replies":[{"embeddable":true,"href":"https:\/\/www.fronteira.eu\/RISfronteira\/wp-json\/wp\/v2\/comments?post=1755"}],"version-history":[{"count":1,"href":"https:\/\/www.fronteira.eu\/RISfronteira\/wp-json\/wp\/v2\/posts\/1755\/revisions"}],"predecessor-version":[{"id":1757,"href":"https:\/\/www.fronteira.eu\/RISfronteira\/wp-json\/wp\/v2\/posts\/1755\/revisions\/1757"}],"wp:attachment":[{"href":"https:\/\/www.fronteira.eu\/RISfronteira\/wp-json\/wp\/v2\/media?parent=1755"}],"wp:term":[{"taxonomy":"category","embeddable":true,"href":"https:\/\/www.fronteira.eu\/RISfronteira\/wp-json\/wp\/v2\/categories?post=1755"},{"taxonomy":"post_tag","embeddable":true,"href":"https:\/\/www.fronteira.eu\/RISfronteira\/wp-json\/wp\/v2\/tags?post=1755"}],"curies":[{"name":"wp","href":"https:\/\/api.w.org\/{rel}","templated":true}]}}