{"id":1750,"date":"2025-05-20T08:51:48","date_gmt":"2025-05-20T08:51:48","guid":{"rendered":"https:\/\/www.fronteira.eu\/RISfronteira\/?p=1750"},"modified":"2025-05-20T08:57:00","modified_gmt":"2025-05-20T08:57:00","slug":"hackathon-transfronteirica-para-conceber-solucoes-inovadoras-no-dominio-do-turismo-acessivel-e-sustentavel","status":"publish","type":"post","link":"https:\/\/www.fronteira.eu\/RISfronteira\/pt\/hackathon-transfronteirica-para-conceber-solucoes-inovadoras-no-dominio-do-turismo-acessivel-e-sustentavel\/","title":{"rendered":"Hackathon transfronteiri\u00e7a para conceber solu\u00e7\u00f5es inovadoras no dom\u00ednio do turismo acess\u00edvel e sustent\u00e1vel"},"content":{"rendered":"\n<p>No dia<strong> 28 de maio,<\/strong> a cidade portuguesa de<strong> Seia<\/strong> (Guarda, Portugal) acolher\u00e1 a <strong>Confer\u00eancia Luso-Espanhola de Turismo Acess\u00edvel e Sustent\u00e1vel<\/strong>, uma iniciativa no \u00e2mbito do projeto europeu <strong>RIS Fronteira<\/strong>, que promove a inova\u00e7\u00e3o em sectores-chave como o turismo, os cuidados e o ambiente na regi\u00e3o transfronteiri\u00e7a hispano-portuguesa.<\/p>\n\n\n\n<p>O evento ter\u00e1 lugar na <strong>Escola Superior de Turismo e Hotelaria do Instituto Polit\u00e9cnico da Guarda<\/strong> e combinar\u00e1 um <strong>hackathon tem\u00e1tico interdisciplinar<\/strong> durante a manh\u00e3 com uma s\u00e9rie de <strong>palestras e apresenta\u00e7\u00f5es durante a tarde<\/strong>. A participa\u00e7\u00e3o \u00e9 gratuita e aberta a estudantes, profissionais, organiza\u00e7\u00f5es do sector e cidad\u00e3os interessados. <a href=\"https:\/\/docs.google.com\/forms\/d\/e\/1FAIpQLScZTI976WVXr0Yq7VCdo9niQNVVVZnpLN2cVxjfj-PF4W_-jQ\/viewform\">Ficha de inscri\u00e7\u00e3o.<\/a><\/p>\n\n\n\n<p><strong>Programa do dia:<\/strong><\/p>\n\n\n\n<p>\ud83d\udd58 <strong>Manh\u00e3 &#8211; Hackathon tem\u00e1tico<\/strong><\/p>\n\n\n\n<ul><li>09:00 &#8211; Rece\u00e7\u00e3o de boas-vindas e pausa para caf\u00e9<\/li><li>09:30 &#8211; Abertura oficial<\/li><li>10:00 \u00e0s 13:00 &#8211; Hackathon Interdisciplinar<\/li><\/ul>\n\n\n\n<p>\ud83d\udd58<strong> Tarde &#8211; Ciclo de confer\u00eancias e encerramento do Hackathon<\/strong><\/p>\n\n\n\n<ul><li>14:00 &#8211; Rece\u00e7\u00e3o dos participantes da tarde<\/li><li>14:15 &#8211; Discurso de abertura: \u201cO futuro do turismo acess\u00edvel e sustent\u00e1vel: inova\u00e7\u00e3o com prop\u00f3sito\u201d &#8211; Nuno Leal (Accessible Portugal)<\/li><li>14:45 &#8211; Painel de confer\u00eancias tem\u00e1ticas:<ul><li>A acessibilidade como vetor de inclus\u00e3o no turismo.<\/li><li>Desenvolvimento sustent\u00e1vel dos territ\u00f3rios: o papel das comunidades locais<\/li><li>Boas pr\u00e1ticas ib\u00e9ricas em turismo inclusivo<\/li><\/ul><\/li><li>16:15 &#8211; Pausa e networking<\/li><li>16:30 &#8211; Apresenta\u00e7\u00e3o dos pitches do Hackathon<\/li><li>17:30 &#8211; Encerramento:<ul><li>\u201cDestino Fronteira 2030&#8243;: experi\u00eancias tur\u00edsticas transfronteiri\u00e7as acess\u00edveis, inclusivas e sustent\u00e1veis.<\/li><li>An\u00fancio dos vencedores do Hackathon<\/li><\/ul><\/li><\/ul>\n\n\n\n<p>Este encontro faz parte das ac\u00e7\u00f5es do<strong> p\u00f3lo tur\u00edstico <\/strong>do projeto RIS Fronteira, enquadrado no Programa Operacional de Coopera\u00e7\u00e3o Transfronteiri\u00e7a Espanha &#8211; Portugal (POCTEP), que procura gerar propostas inovadoras que liguem sustentabilidade, acessibilidade e desenvolvimento territorial. A colabora\u00e7\u00e3o entre entidades de Espanha e Portugal permitir\u00e1 partilhar experi\u00eancias, identificar solu\u00e7\u00f5es vi\u00e1veis e construir um modelo de turismo mais justo e inclusivo para a regi\u00e3o.<\/p>\n","protected":false},"excerpt":{"rendered":"<p>No dia 28 de maio, a cidade portuguesa de Seia (Guarda, Portugal) acolher\u00e1 a Confer\u00eancia Luso-Espanhola de Turismo Acess\u00edvel e Sustent\u00e1vel, uma iniciativa no \u00e2mbito do projeto europeu RIS Fronteira, que promove a inova\u00e7\u00e3o em sectores-chave como o turismo, os<\/p>\n","protected":false},"author":2,"featured_media":0,"comment_status":"closed","ping_status":"closed","sticky":false,"template":"","format":"standard","meta":[],"categories":[20],"tags":[],"_links":{"self":[{"href":"https:\/\/www.fronteira.eu\/RISfronteira\/wp-json\/wp\/v2\/posts\/1750"}],"collection":[{"href":"https:\/\/www.fronteira.eu\/RISfronteira\/wp-json\/wp\/v2\/posts"}],"about":[{"href":"https:\/\/www.fronteira.eu\/RISfronteira\/wp-json\/wp\/v2\/types\/post"}],"author":[{"embeddable":true,"href":"https:\/\/www.fronteira.eu\/RISfronteira\/wp-json\/wp\/v2\/users\/2"}],"replies":[{"embeddable":true,"href":"https:\/\/www.fronteira.eu\/RISfronteira\/wp-json\/wp\/v2\/comments?post=1750"}],"version-history":[{"count":2,"href":"https:\/\/www.fronteira.eu\/RISfronteira\/wp-json\/wp\/v2\/posts\/1750\/revisions"}],"predecessor-version":[{"id":1753,"href":"https:\/\/www.fronteira.eu\/RISfronteira\/wp-json\/wp\/v2\/posts\/1750\/revisions\/1753"}],"wp:attachment":[{"href":"https:\/\/www.fronteira.eu\/RISfronteira\/wp-json\/wp\/v2\/media?parent=1750"}],"wp:term":[{"taxonomy":"category","embeddable":true,"href":"https:\/\/www.fronteira.eu\/RISfronteira\/wp-json\/wp\/v2\/categories?post=1750"},{"taxonomy":"post_tag","embeddable":true,"href":"https:\/\/www.fronteira.eu\/RISfronteira\/wp-json\/wp\/v2\/tags?post=1750"}],"curies":[{"name":"wp","href":"https:\/\/api.w.org\/{rel}","templated":true}]}}