{"id":1747,"date":"2025-05-20T08:42:18","date_gmt":"2025-05-20T08:42:18","guid":{"rendered":"https:\/\/www.fronteira.eu\/RISfronteira\/?p=1747"},"modified":"2025-05-20T08:42:22","modified_gmt":"2025-05-20T08:42:22","slug":"hackathon-transfronterizo-para-disenar-soluciones-innovadoras-en-turismo-accesible-y-sostenible","status":"publish","type":"post","link":"https:\/\/www.fronteira.eu\/RISfronteira\/hackathon-transfronterizo-para-disenar-soluciones-innovadoras-en-turismo-accesible-y-sostenible\/","title":{"rendered":"Hackathon transfronterizo para dise\u00f1ar soluciones innovadoras en turismo accesible y sostenible"},"content":{"rendered":"\n<p>El pr\u00f3ximo <strong>28 de mayo<\/strong>, la localidad portuguesa de <strong>Seia<\/strong> (Guarda, Portugal) ser\u00e1 sede de las <strong>Jornadas Luso-Espa\u00f1olas de Turismo Accesible y Sostenible<\/strong>, una iniciativa enmarcada en el proyecto europeo <strong>RIS Fronteira<\/strong>, que promueve la innovaci\u00f3n en sectores clave como el turismo, los cuidados y el medio ambiente en la regi\u00f3n transfronteriza hispano-portuguesa.<\/p>\n\n\n\n<p>La jornada se celebrar\u00e1 en la <strong>Escola Superior de Turismo e Hotelaria del Instituto Polit\u00e9cnico de Guarda<\/strong>, y combinar\u00e1 un <strong>hackathon tem\u00e1tico interdisciplinario<\/strong> por la ma\u00f1ana con un <strong>ciclo de conferencias y presentaciones<\/strong> por la tarde. La participaci\u00f3n es gratuita y est\u00e1 abierta a estudiantes, profesionales, organizaciones del sector y ciudadan\u00eda interesada. <a class=\"\" href=\"https:\/\/docs.google.com\/forms\/d\/e\/1FAIpQLScZTI976WVXr0Yq7VCdo9niQNVVVZnpLN2cVxjfj-PF4W_-jQ\/viewform\">Formulario de inscripci\u00f3n<\/a><\/p>\n\n\n\n<p><strong>Programa de la jornada:<\/strong><\/p>\n\n\n\n<p>\ud83d\udd58 <strong>Ma\u00f1ana \u2013 Hackathon tem\u00e1tico<\/strong><\/p>\n\n\n\n<ul><li>09:00 \u2013 Recepci\u00f3n y caf\u00e9 de bienvenida<\/li><li>09:30 \u2013 Apertura oficial<\/li><li>10:00 a 13:00 \u2013 Hackathon interdisciplinario <\/li><\/ul>\n\n\n\n<p>\ud83d\udd51 <strong>Tarde \u2013 Ciclo de conferencias y cierre del Hackathon<\/strong><\/p>\n\n\n\n<ul><li>14:00 \u2013 Recepci\u00f3n de participantes de la tarde<\/li><li>14:15 \u2013 Ponencia principal: <em>\u201cEl futuro del turismo accesible y sostenible: innovaci\u00f3n con prop\u00f3sito\u201d<\/em> \u2013 Nuno Leal (Portugal Accesible)<\/li><li>14:45 \u2013 Panel de conferencias tem\u00e1ticas:<ol><li>La accesibilidad como vector de inclusi\u00f3n en el turismo<\/li><li>Desarrollo sostenible de los territorios: el papel de las comunidades locales<\/li><li>Buenas pr\u00e1cticas ib\u00e9ricas en turismo inclusivo<\/li><\/ol><\/li><li>16:15 \u2013 Descanso y networking<\/li><li>16:30 \u2013 Presentaci\u00f3n de los pitches del Hackathon<\/li><li>17:30 \u2013 Clausura:<ul><li>\u201cDestino Fronteira 2030\u201d: experiencias tur\u00edsticas transfronterizas accesibles, inclusivas y sostenibles<\/li><li>Anuncio de los ganadores del Hackathon<\/li><\/ul><\/li><\/ul>\n\n\n\n<p>Este encuentro se enmarca en las acciones del <strong>hub tur\u00edstico<\/strong> del proyecto RIS Fronteira,\u00a0enmarcado dentro del Programa Operativo de Cooperaci\u00f3n Transfronteriza Espa\u00f1a &#8211; Portugal (POCTEP), que busca generar propuestas innovadoras que conecten sostenibilidad, accesibilidad y desarrollo territorial. La colaboraci\u00f3n entre entidades de Espa\u00f1a y Portugal permitir\u00e1 compartir experiencias, identificar soluciones viables y construir un modelo tur\u00edstico m\u00e1s justo e inclusivo para la regi\u00f3n.<\/p>\n","protected":false},"excerpt":{"rendered":"<p>El pr\u00f3ximo 28 de mayo, la localidad portuguesa de Seia (Guarda, Portugal) ser\u00e1 sede de las Jornadas Luso-Espa\u00f1olas de Turismo Accesible y Sostenible, una iniciativa enmarcada en el proyecto europeo RIS Fronteira, que promueve la innovaci\u00f3n en sectores clave como<\/p>\n","protected":false},"author":2,"featured_media":0,"comment_status":"closed","ping_status":"closed","sticky":false,"template":"","format":"standard","meta":[],"categories":[7],"tags":[],"_links":{"self":[{"href":"https:\/\/www.fronteira.eu\/RISfronteira\/wp-json\/wp\/v2\/posts\/1747"}],"collection":[{"href":"https:\/\/www.fronteira.eu\/RISfronteira\/wp-json\/wp\/v2\/posts"}],"about":[{"href":"https:\/\/www.fronteira.eu\/RISfronteira\/wp-json\/wp\/v2\/types\/post"}],"author":[{"embeddable":true,"href":"https:\/\/www.fronteira.eu\/RISfronteira\/wp-json\/wp\/v2\/users\/2"}],"replies":[{"embeddable":true,"href":"https:\/\/www.fronteira.eu\/RISfronteira\/wp-json\/wp\/v2\/comments?post=1747"}],"version-history":[{"count":1,"href":"https:\/\/www.fronteira.eu\/RISfronteira\/wp-json\/wp\/v2\/posts\/1747\/revisions"}],"predecessor-version":[{"id":1748,"href":"https:\/\/www.fronteira.eu\/RISfronteira\/wp-json\/wp\/v2\/posts\/1747\/revisions\/1748"}],"wp:attachment":[{"href":"https:\/\/www.fronteira.eu\/RISfronteira\/wp-json\/wp\/v2\/media?parent=1747"}],"wp:term":[{"taxonomy":"category","embeddable":true,"href":"https:\/\/www.fronteira.eu\/RISfronteira\/wp-json\/wp\/v2\/categories?post=1747"},{"taxonomy":"post_tag","embeddable":true,"href":"https:\/\/www.fronteira.eu\/RISfronteira\/wp-json\/wp\/v2\/tags?post=1747"}],"curies":[{"name":"wp","href":"https:\/\/api.w.org\/{rel}","templated":true}]}}