{"id":1744,"date":"2025-03-20T09:32:49","date_gmt":"2025-03-20T09:32:49","guid":{"rendered":"https:\/\/www.fronteira.eu\/RISfronteira\/?p=1744"},"modified":"2025-03-20T09:32:53","modified_gmt":"2025-03-20T09:32:53","slug":"alijo-acolhe-a-conferencia-inovar-e-transformar-comunidades-para-promover-solucoes-de-inclusao-e-sustentabilidade","status":"publish","type":"post","link":"https:\/\/www.fronteira.eu\/RISfronteira\/pt\/alijo-acolhe-a-conferencia-inovar-e-transformar-comunidades-para-promover-solucoes-de-inclusao-e-sustentabilidade\/","title":{"rendered":"Alij\u00f3 acolhe a confer\u00eancia \u201cInovar e Transformar Comunidades\u201d para promover solu\u00e7\u00f5es de inclus\u00e3o e sustentabilidade"},"content":{"rendered":"\n<p>O Audit\u00f3rio Municipal de Alij\u00f3 (Portugal) foi o cen\u00e1rio de uma jornada de trabalho colaborativo em que profissionais e representantes de v\u00e1rias entidades, entre as quais a ASPAYM Castilla y Le\u00f3n, se reuniram para analisar os desafios e as oportunidades do modelo de cuidados e de vida aut\u00f3noma. Durante a manh\u00e3, os participantes participaram em quatro grupos de discuss\u00e3o, organizados de forma a garantir a diversidade de perspectivas em cada grupo.<\/p>\n\n\n\n<p><br>Cada grupo de discuss\u00e3o abordou um t\u00f3pico diferente: \u201cTecnologias para a vida aut\u00f3noma\u201d, \u201cApoio ao emprego e \u00e0 instala\u00e7\u00e3o de novos residentes\u201d, \u201cForma\u00e7\u00e3o local e refor\u00e7o de capacidades\u201d e \u201cVida aut\u00f3noma na comunidade\u201d. Todos os grupos seguiram uma estrutura semelhante: numa primeira fase, identificaram os principais desafios; numa segunda parte, foram propostas solu\u00e7\u00f5es para esses desafios; e na fase final, foram apresentados exemplos de boas pr\u00e1ticas relacionadas com os desafios identificados.<\/p>\n\n\n\n<figure class=\"wp-block-image size-full\"><img loading=\"lazy\" width=\"900\" height=\"596\" src=\"https:\/\/www.fronteira.eu\/RISfronteira\/wp-content\/uploads\/2025\/03\/Grupo-de-trabajo-sobre-vida-independiente.jpg\" alt=\"Grupo de trabajo sobre vida independiente\" class=\"wp-image-1741\" srcset=\"https:\/\/www.fronteira.eu\/RISfronteira\/wp-content\/uploads\/2025\/03\/Grupo-de-trabajo-sobre-vida-independiente.jpg 900w, https:\/\/www.fronteira.eu\/RISfronteira\/wp-content\/uploads\/2025\/03\/Grupo-de-trabajo-sobre-vida-independiente-300x199.jpg 300w, https:\/\/www.fronteira.eu\/RISfronteira\/wp-content\/uploads\/2025\/03\/Grupo-de-trabajo-sobre-vida-independiente-768x509.jpg 768w\" sizes=\"(max-width: 900px) 100vw, 900px\" \/><\/figure>\n\n\n\n<p>Posteriormente, todos os participantes reuniram-se na Sala do Audit\u00f3rio para partilhar as conclus\u00f5es e reflex\u00f5es extra\u00eddas em cada focus group, enriquecendo o debate com uma vis\u00e3o global das diferentes \u00e1reas abrangidas.<\/p>\n\n\n\n<figure class=\"wp-block-image size-full\"><img loading=\"lazy\" width=\"900\" height=\"596\" src=\"https:\/\/www.fronteira.eu\/RISfronteira\/wp-content\/uploads\/2025\/03\/conferencia-Innovar-y-Transformar-Comunidades.jpg\" alt=\"Conferencia \u201cInnovar y Transformar Comunidades\u201d\" class=\"wp-image-1740\" srcset=\"https:\/\/www.fronteira.eu\/RISfronteira\/wp-content\/uploads\/2025\/03\/conferencia-Innovar-y-Transformar-Comunidades.jpg 900w, https:\/\/www.fronteira.eu\/RISfronteira\/wp-content\/uploads\/2025\/03\/conferencia-Innovar-y-Transformar-Comunidades-300x199.jpg 300w, https:\/\/www.fronteira.eu\/RISfronteira\/wp-content\/uploads\/2025\/03\/conferencia-Innovar-y-Transformar-Comunidades-768x509.jpg 768w\" sizes=\"(max-width: 900px) 100vw, 900px\" \/><\/figure>\n\n\n\n<p><br>Neste contexto, os profissionais do projeto \u201cRIS Fronteira\u201d aproveitaram a oportunidade para se encontrarem e avan\u00e7arem nas ac\u00e7\u00f5es relacionadas com a iniciativa, refor\u00e7ando assim o compromisso e a colabora\u00e7\u00e3o no desenvolvimento do projeto.<\/p>\n\n\n\n<p><br>Esta iniciativa, enquadrada no Programa Operacional de Coopera\u00e7\u00e3o Transfronteiri\u00e7a Espanha &#8211; Portugal (POCTEP), est\u00e1 a trabalhar na promo\u00e7\u00e3o de tr\u00eas p\u00f3los no dom\u00ednio das novas economias (sa\u00fade e cuidados, turismo e ecologia), que melhoram a competitividade do espa\u00e7o de coopera\u00e7\u00e3o atrav\u00e9s da especializa\u00e7\u00e3o das entidades membros da parceria, da cria\u00e7\u00e3o de ecossistemas territoriais e da gest\u00e3o do conhecimento.<\/p>\n\n\n\n<p><br>Este encontro foi uma oportunidade fundamental para partilhar conhecimentos, gerar sinergias e avan\u00e7ar na procura de solu\u00e7\u00f5es inovadoras que promovam a autonomia e a qualidade de vida das pessoas da regi\u00e3o.<\/p>\n\n\n\n<figure class=\"wp-block-image size-full\"><img loading=\"lazy\" width=\"900\" height=\"596\" src=\"https:\/\/www.fronteira.eu\/RISfronteira\/wp-content\/uploads\/2025\/03\/Partenariado-de-RIS-Fronteira.jpg\" alt=\"Partenariado de RIS Fronteira\" class=\"wp-image-1742\" srcset=\"https:\/\/www.fronteira.eu\/RISfronteira\/wp-content\/uploads\/2025\/03\/Partenariado-de-RIS-Fronteira.jpg 900w, https:\/\/www.fronteira.eu\/RISfronteira\/wp-content\/uploads\/2025\/03\/Partenariado-de-RIS-Fronteira-300x199.jpg 300w, https:\/\/www.fronteira.eu\/RISfronteira\/wp-content\/uploads\/2025\/03\/Partenariado-de-RIS-Fronteira-768x509.jpg 768w\" sizes=\"(max-width: 900px) 100vw, 900px\" \/><\/figure>\n","protected":false},"excerpt":{"rendered":"<p>O Audit\u00f3rio Municipal de Alij\u00f3 (Portugal) foi o cen\u00e1rio de uma jornada de trabalho colaborativo em que profissionais e representantes de v\u00e1rias entidades, entre as quais a ASPAYM Castilla y Le\u00f3n, se reuniram para analisar os desafios e as oportunidades<\/p>\n","protected":false},"author":2,"featured_media":0,"comment_status":"closed","ping_status":"closed","sticky":false,"template":"","format":"standard","meta":[],"categories":[20],"tags":[],"_links":{"self":[{"href":"https:\/\/www.fronteira.eu\/RISfronteira\/wp-json\/wp\/v2\/posts\/1744"}],"collection":[{"href":"https:\/\/www.fronteira.eu\/RISfronteira\/wp-json\/wp\/v2\/posts"}],"about":[{"href":"https:\/\/www.fronteira.eu\/RISfronteira\/wp-json\/wp\/v2\/types\/post"}],"author":[{"embeddable":true,"href":"https:\/\/www.fronteira.eu\/RISfronteira\/wp-json\/wp\/v2\/users\/2"}],"replies":[{"embeddable":true,"href":"https:\/\/www.fronteira.eu\/RISfronteira\/wp-json\/wp\/v2\/comments?post=1744"}],"version-history":[{"count":2,"href":"https:\/\/www.fronteira.eu\/RISfronteira\/wp-json\/wp\/v2\/posts\/1744\/revisions"}],"predecessor-version":[{"id":1746,"href":"https:\/\/www.fronteira.eu\/RISfronteira\/wp-json\/wp\/v2\/posts\/1744\/revisions\/1746"}],"wp:attachment":[{"href":"https:\/\/www.fronteira.eu\/RISfronteira\/wp-json\/wp\/v2\/media?parent=1744"}],"wp:term":[{"taxonomy":"category","embeddable":true,"href":"https:\/\/www.fronteira.eu\/RISfronteira\/wp-json\/wp\/v2\/categories?post=1744"},{"taxonomy":"post_tag","embeddable":true,"href":"https:\/\/www.fronteira.eu\/RISfronteira\/wp-json\/wp\/v2\/tags?post=1744"}],"curies":[{"name":"wp","href":"https:\/\/api.w.org\/{rel}","templated":true}]}}