{"id":1681,"date":"2024-11-14T10:07:45","date_gmt":"2024-11-14T10:07:45","guid":{"rendered":"https:\/\/www.fronteira.eu\/RISfronteira\/?p=1681"},"modified":"2024-11-14T10:07:48","modified_gmt":"2024-11-14T10:07:48","slug":"a-direcao-dos-servicos-sociais-lidera-uma-jornada-de-gestao-do-conhecimento-sobre-a-economia-do-cuidado-no-ambito-do-projeto-ris-fronteira","status":"publish","type":"post","link":"https:\/\/www.fronteira.eu\/RISfronteira\/pt\/a-direcao-dos-servicos-sociais-lidera-uma-jornada-de-gestao-do-conhecimento-sobre-a-economia-do-cuidado-no-ambito-do-projeto-ris-fronteira\/","title":{"rendered":"A Dire\u00e7\u00e3o dos Servi\u00e7os Sociais lidera uma jornada de gest\u00e3o do conhecimento sobre a economia do cuidado, no \u00e2mbito do projeto RIS Fronteira"},"content":{"rendered":"\n<p>O Diretor Geral de Pessoas Idosas, Pessoas com Defici\u00eancia e Cuidados de Depend\u00eancia da Dire\u00e7\u00e3o de Servi\u00e7os Sociais de Castela e Le\u00e3o, Eduardo Garc\u00eda Brea, inaugurou a III Confer\u00eancia sobre a promo\u00e7\u00e3o de uma rede transfronteiri\u00e7a de centros ou p\u00f3los de inova\u00e7\u00e3o, realizada no Parque Cient\u00edfico da Universidade de Valladolid no dia 13 de novembro, no \u00e2mbito do projeto RIS Fronteira, do Programa de Coopera\u00e7\u00e3o Interreg V A Espanha &#8211; Portugal (POCTEP).<\/p>\n\n\n\n<figure class=\"wp-block-image size-full\"><img src=\"https:\/\/www.fronteira.eu\/wp-content\/uploads\/2024\/11\/noticia_241113_iiijornadarisfronteiragerencia-1.jpg\" alt=\"\" class=\"wp-image-1498\"\/><\/figure>\n\n\n\n<p>Durante o evento, foram realizadas diferentes actividades e workshops, liderados pela Equipa de Participa\u00e7\u00e3o e Trabalho Comunit\u00e1rio da Andecha, sobre os seguintes temas: redes comunit\u00e1rias e de cuidados, diagn\u00f3stico de ecossistemas e mapeamento aprofundado das rela\u00e7\u00f5es e do territ\u00f3rio, fundamentais para o fortalecimento das redes de apoio comunit\u00e1rio, com o objetivo de gerar um espa\u00e7o para a transfer\u00eancia e amplia\u00e7\u00e3o de modelos comunit\u00e1rios de cuidados, tanto em \u00e1reas rurais como urbanas.<\/p>\n\n\n\n<p>Desta forma, realiza-se a gest\u00e3o do conhecimento entre as entidades participantes, desenvolvem-se os chamados \u201cecossistemas territoriais\u201d para atrair talento e dinamizar a economia das zonas rurais, bem como para promover o p\u00f3lo de inova\u00e7\u00e3o social centrado na economia do cuidado.<\/p>\n\n\n\n<p>Participaram na confer\u00eancia as seguintes organiza\u00e7\u00f5es: Fundaci\u00f3n San Cebri\u00e1n (Palencia), Asociaci\u00f3n Atadi (Teruel), Asociaci\u00f3n Alba (L\u00e9rida), Asociaci\u00f3n de Esclerosis M\u00faltiple de Salamanca, Asociaci\u00f3n Acopedis, Ayuntamiento de Salamanca, Comunidade Intermunicipal do Douro (Portugal), Ensinus-Estudos Superiores do Instituto Superior de Gest\u00e3o de Lisboa e o Centro para a economia e a inova\u00e7\u00e3o social da Guarda.<\/p>\n\n\n\n<p>As organiza\u00e7\u00f5es que desenvolvem o projeto \u201cRIS Fronteira\u201d s\u00e3o: ASPRODES Salamanca, Instituto Polit\u00e9cnico da Guarda (Portugal), Plena Inclusi\u00f3n Castilla y Le\u00f3n, ADM Estrela Guarda, Fundaci\u00f3n INTRAS Zamora, CERCIG Guarda, ASPAYM Castilla y Le\u00f3n, o munic\u00edpio da Guarda e a Consejer\u00eda de Familia e Igualdade de Oportunidades atrav\u00e9s da Gerencia de Servicios Sociales de la Junta de Castilla y Le\u00f3n.<\/p>\n\n\n\n<figure class=\"wp-block-image size-full\"><img src=\"https:\/\/www.fronteira.eu\/wp-content\/uploads\/2024\/11\/noticia_241113_iiijornadarisfronteiragerencia02-1.jpg\" alt=\"\" class=\"wp-image-1501\"\/><\/figure>\n","protected":false},"excerpt":{"rendered":"<p>O Diretor Geral de Pessoas Idosas, Pessoas com Defici\u00eancia e Cuidados de Depend\u00eancia da Dire\u00e7\u00e3o de Servi\u00e7os Sociais de Castela e Le\u00e3o, Eduardo Garc\u00eda Brea, inaugurou a III Confer\u00eancia sobre a promo\u00e7\u00e3o de uma rede transfronteiri\u00e7a de centros ou p\u00f3los<\/p>\n","protected":false},"author":2,"featured_media":0,"comment_status":"closed","ping_status":"closed","sticky":false,"template":"","format":"standard","meta":[],"categories":[20],"tags":[],"_links":{"self":[{"href":"https:\/\/www.fronteira.eu\/RISfronteira\/wp-json\/wp\/v2\/posts\/1681"}],"collection":[{"href":"https:\/\/www.fronteira.eu\/RISfronteira\/wp-json\/wp\/v2\/posts"}],"about":[{"href":"https:\/\/www.fronteira.eu\/RISfronteira\/wp-json\/wp\/v2\/types\/post"}],"author":[{"embeddable":true,"href":"https:\/\/www.fronteira.eu\/RISfronteira\/wp-json\/wp\/v2\/users\/2"}],"replies":[{"embeddable":true,"href":"https:\/\/www.fronteira.eu\/RISfronteira\/wp-json\/wp\/v2\/comments?post=1681"}],"version-history":[{"count":1,"href":"https:\/\/www.fronteira.eu\/RISfronteira\/wp-json\/wp\/v2\/posts\/1681\/revisions"}],"predecessor-version":[{"id":1682,"href":"https:\/\/www.fronteira.eu\/RISfronteira\/wp-json\/wp\/v2\/posts\/1681\/revisions\/1682"}],"wp:attachment":[{"href":"https:\/\/www.fronteira.eu\/RISfronteira\/wp-json\/wp\/v2\/media?parent=1681"}],"wp:term":[{"taxonomy":"category","embeddable":true,"href":"https:\/\/www.fronteira.eu\/RISfronteira\/wp-json\/wp\/v2\/categories?post=1681"},{"taxonomy":"post_tag","embeddable":true,"href":"https:\/\/www.fronteira.eu\/RISfronteira\/wp-json\/wp\/v2\/tags?post=1681"}],"curies":[{"name":"wp","href":"https:\/\/api.w.org\/{rel}","templated":true}]}}